{"id":9118,"date":"2016-07-20T14:55:10","date_gmt":"2016-07-20T12:55:10","guid":{"rendered":"https:\/\/droitetcroissance.fr\/?p=9118"},"modified":"2019-09-04T08:53:38","modified_gmt":"2019-09-04T06:53:38","slug":"seminaire-eifr-credits-alternatifs-responsabilites-du-4-octobre-2016","status":"publish","type":"post","link":"https:\/\/droitetcroissance.fr\/en\/2016\/07\/seminaire-eifr-credits-alternatifs-responsabilites-du-4-octobre-2016\/","title":{"rendered":"S\u00e9minaire EIFR \u2013 \u00ab&nbsp;Cr\u00e9dits&nbsp;alternatifs&nbsp;\u00bb&nbsp;: Responsabilit\u00e9s&nbsp;?  du 4 octobre 2016"},"content":{"rendered":"<h3>S\u00e9minaire Cr\u00e9dits &#8220;alternatifs&#8221; : Responsabilit\u00e9s ?<br \/>\nMARDI 4 OCTOBRE 2016 de 8h30 \u00e0 13h<\/h3>\n<h3>Ce s\u00e9minaire a pour objectif de faire le point sur les pratiques compar\u00e9es dans les grands pays et d\u2019analyser les conditions, limites, usages et bonnes pratiques \u00e0 mettre en \u0153uvre en mati\u00e8re de cr\u00e9dit alternatif.<\/h3>\n<p><strong>8h30 \u2014 MOT D&#8217;ACCUEIL :<\/strong><br \/>\nIntervenant : Edouard\u2013Fran\u00e7ois de Lencquesaing, Pr\u00e9sident, EIFR<\/p>\n<p><strong>8h45 \u2014 INNOVATION FINANCIERE ET ENJEUX DE REGULATION<\/strong><br \/>\nIntervenant : Thomas Philippon, New York University<\/p>\n<p><strong>9h05 \u2014 FINANCEMENTS ALTERNATIFS : LECONS A TIRER D&#8217;AUTRES PAYS<\/strong><br \/>\nIntervenants :<br \/>\nMarco Dell&#8217;Erba, Labex Refi<br \/>\nDavid Chijner, DLA PIPER LLP<br \/>\nLionel Laurent, PIMCO<\/p>\n<p><strong>10h00 \u2014 REGULATION PRUDENTIELLE ET DISSEMINATION DES RISQUES CREDITS<\/strong><br \/>\nIntervenant : Jean-Claude Huyssen, ACPR<\/p>\n<p><strong>10h45 \u2014 ORGANISATION DE LA RELATION CONTRACTUELLE ENTRE ACTEURS VS CYCLE DE VIE D&#8217;UN PRET<\/strong><br \/>\nIntervenants :<br \/>\nFlorian Ascensao, Cr\u00e9dit Agricole<br \/>\nDamien Guichard, Allianz Global Investors<br \/>\nNicolas de Lorgeril, ETI Finance<\/p>\n<p><strong>11h45 \u2014 LES RESPONSABILITES ET RISQUES EN CAS DE DEFAUT<\/strong><br \/>\nIntervenants :<br \/>\nFabrice Armand, DLA PIPER LLP<br \/>\nSophie Vermeille, Droit &amp; Croissance<br \/>\nJacques Ranchin, BNPP<\/p>\n<p><strong>11h45 \u2014 CONCLUSION<\/strong><br \/>\nIntervenant : Edouard-Fran\u00e7ois de Lencquesaing, EIFR<\/p>\n<p><strong>INFORMATIONS PRATIQUES<\/strong><\/p>\n<p>Adresse : AG2R \u2013 104-110 bd Hausmann \u2013 75008 Paris<\/p>\n<p>Participation : 550 euros<\/p>\n<p>Inscription : <a href=\"http:\/\/www.eifr.eu\">www.eifr.eu<\/a><\/p>\n<p><a href=\"&#109;&#x61;&#105;&#x6c;t&#x6f;:&#x63;o&#x6e;t&#x61;c&#x74;&#64;&#101;&#x69;&#102;&#x72;&#46;&#x65;u\">&#x63;on&#x74;&#97;c&#x74;&#64;e&#x69;&#x66;r&#x2e;&#x65;u<\/a><\/p>\n<p>01 70 98 06 55<\/p>\n","protected":false},"excerpt":{"rendered":"<p>S\u00e9minaire Cr\u00e9dits &#8220;alternatifs&#8221; : Responsabilit\u00e9s ? MARDI 4 OCTOBRE 2016 de 8h30 \u00e0 13h Ce s\u00e9minaire a pour objectif de faire le point sur les pratiques compar\u00e9es dans les grands pays et d\u2019analyser les conditions, limites, usages et bonnes pratiques \u00e0 mettre en \u0153uvre en mati\u00e8re de cr\u00e9dit alternatif. 8h30 \u2014 MOT D&#8217;ACCUEIL : Intervenant : Edouard\u2013Fran\u00e7ois de Lencquesaing, Pr\u00e9sident, [&hellip;]<\/p>\n","protected":false},"author":1,"featured_media":8313,"comment_status":"closed","ping_status":"closed","sticky":false,"template":"","format":"standard","meta":{"jetpack_post_was_ever_published":false,"_rsvp_to":"","_rsvp_max":"","_rsvp_show_attendees":"","_rsvp_instructions":"","simple_price":"","simple_price_label":"Billets","venue":"","_template_start_hour":"","_template_start_minutes":"","_sked_minutes":"","_sked_stop":"","_sked_duration":"","_payment_gateway":"Cash or Custom","_rsvp_currency":"USD","_sked_hour":"12","_sked_end":"13:00","rsvp_tx_template":0,"_rsvp_start":0,"_rsvp_deadline":0,"_rsvp_deadline_daysbefore":"0","_rsvp_deadline_hours":"0","_rsvp_reg_daysbefore":"0","_rsvp_reg_hours":"0","_rsvp_count_party":"1","_timezone":"Europe\/Paris","_rsvp_on":false,"_add_timezone":false,"_convert_timezone":false,"_calendar_icons":true,"_rsvp_end_display":false,"_rsvp_rsvpmaker_send_confirmation_email":false,"_rsvp_confirmation_after_payment":false,"_rsvp_confirmation_include_event":false,"_rsvp_count":true,"_rsvp_yesno":true,"_rsvp_captcha":false,"_rsvp_login_required":false,"_rsvp_form_show_date":false,"_show_rsvpmaker_options":false,"_jetpack_newsletter_access":"","_jetpack_dont_email_post_to_subs":false,"_jetpack_newsletter_tier_id":0,"_jetpack_memberships_contains_paywalled_content":false,"footnotes":"","_jetpack_memberships_contains_paid_content":false},"categories":[890],"tags":[],"yoast_head":"<!-- This site is optimized with the Yoast SEO plugin v23.5 - https:\/\/yoast.com\/wordpress\/plugins\/seo\/ -->\n<title>S\u00e9minaire EIFR \u2013 \u00ab&nbsp;Cr\u00e9dits&nbsp;alternatifs&nbsp;\u00bb&nbsp;: Responsabilit\u00e9s&nbsp;? du 4 octobre 2016 - Droit &amp; Croissance<\/title>\n<meta name=\"robots\" content=\"index, follow, max-snippet:-1, max-image-preview:large, max-video-preview:-1\" \/>\n<link rel=\"canonical\" href=\"https:\/\/droitetcroissance.fr\/en\/2016\/07\/seminaire-eifr-credits-alternatifs-responsabilites-du-4-octobre-2016\/\" \/>\n<meta name=\"twitter:label1\" content=\"Written by\" \/>\n\t<meta name=\"twitter:data1\" content=\"Droit &amp; Croissance\" \/>\n\t<meta name=\"twitter:label2\" content=\"Est. reading time\" \/>\n\t<meta name=\"twitter:data2\" content=\"1 minute\" \/>\n<script type=\"application\/ld+json\" class=\"yoast-schema-graph\">{\"@context\":\"https:\/\/schema.org\",\"@graph\":[{\"@type\":\"Article\",\"@id\":\"https:\/\/droitetcroissance.fr\/en\/2016\/07\/seminaire-eifr-credits-alternatifs-responsabilites-du-4-octobre-2016\/#article\",\"isPartOf\":{\"@id\":\"https:\/\/droitetcroissance.fr\/en\/2016\/07\/seminaire-eifr-credits-alternatifs-responsabilites-du-4-octobre-2016\/\"},\"author\":{\"name\":\"Droit &amp; Croissance\",\"@id\":\"https:\/\/droitetcroissance.fr\/#\/schema\/person\/05ca2e43e4fa8093812a502c270f271e\"},\"headline\":\"S\u00e9minaire EIFR \u2013 \u00ab&nbsp;Cr\u00e9dits&nbsp;alternatifs&nbsp;\u00bb&nbsp;: Responsabilit\u00e9s&nbsp;? du 4 octobre 2016\",\"datePublished\":\"2016-07-20T12:55:10+00:00\",\"dateModified\":\"2019-09-04T06:53:38+00:00\",\"mainEntityOfPage\":{\"@id\":\"https:\/\/droitetcroissance.fr\/en\/2016\/07\/seminaire-eifr-credits-alternatifs-responsabilites-du-4-octobre-2016\/\"},\"wordCount\":203,\"publisher\":{\"@id\":\"https:\/\/droitetcroissance.fr\/#organization\"},\"image\":{\"@id\":\"https:\/\/droitetcroissance.fr\/en\/2016\/07\/seminaire-eifr-credits-alternatifs-responsabilites-du-4-octobre-2016\/#primaryimage\"},\"thumbnailUrl\":\"https:\/\/droitetcroissance.fr\/wp-content\/uploads\/2016\/07\/logo_eifr_gb_cmjn-8167.jpg\",\"articleSection\":[\"Past Events\"],\"inLanguage\":\"en-US\"},{\"@type\":\"WebPage\",\"@id\":\"https:\/\/droitetcroissance.fr\/en\/2016\/07\/seminaire-eifr-credits-alternatifs-responsabilites-du-4-octobre-2016\/\",\"url\":\"https:\/\/droitetcroissance.fr\/en\/2016\/07\/seminaire-eifr-credits-alternatifs-responsabilites-du-4-octobre-2016\/\",\"name\":\"S\u00e9minaire EIFR \u2013 \u00ab&nbsp;Cr\u00e9dits&nbsp;alternatifs&nbsp;\u00bb&nbsp;: Responsabilit\u00e9s&nbsp;? du 4 octobre 2016 - Droit &amp; Croissance\",\"isPartOf\":{\"@id\":\"https:\/\/droitetcroissance.fr\/#website\"},\"primaryImageOfPage\":{\"@id\":\"https:\/\/droitetcroissance.fr\/en\/2016\/07\/seminaire-eifr-credits-alternatifs-responsabilites-du-4-octobre-2016\/#primaryimage\"},\"image\":{\"@id\":\"https:\/\/droitetcroissance.fr\/en\/2016\/07\/seminaire-eifr-credits-alternatifs-responsabilites-du-4-octobre-2016\/#primaryimage\"},\"thumbnailUrl\":\"https:\/\/droitetcroissance.fr\/wp-content\/uploads\/2016\/07\/logo_eifr_gb_cmjn-8167.jpg\",\"datePublished\":\"2016-07-20T12:55:10+00:00\",\"dateModified\":\"2019-09-04T06:53:38+00:00\",\"breadcrumb\":{\"@id\":\"https:\/\/droitetcroissance.fr\/en\/2016\/07\/seminaire-eifr-credits-alternatifs-responsabilites-du-4-octobre-2016\/#breadcrumb\"},\"inLanguage\":\"en-US\",\"potentialAction\":[{\"@type\":\"ReadAction\",\"target\":[\"https:\/\/droitetcroissance.fr\/en\/2016\/07\/seminaire-eifr-credits-alternatifs-responsabilites-du-4-octobre-2016\/\"]}]},{\"@type\":\"ImageObject\",\"inLanguage\":\"en-US\",\"@id\":\"https:\/\/droitetcroissance.fr\/en\/2016\/07\/seminaire-eifr-credits-alternatifs-responsabilites-du-4-octobre-2016\/#primaryimage\",\"url\":\"https:\/\/droitetcroissance.fr\/wp-content\/uploads\/2016\/07\/logo_eifr_gb_cmjn-8167.jpg\",\"contentUrl\":\"https:\/\/droitetcroissance.fr\/wp-content\/uploads\/2016\/07\/logo_eifr_gb_cmjn-8167.jpg\",\"width\":1280,\"height\":689},{\"@type\":\"BreadcrumbList\",\"@id\":\"https:\/\/droitetcroissance.fr\/en\/2016\/07\/seminaire-eifr-credits-alternatifs-responsabilites-du-4-octobre-2016\/#breadcrumb\",\"itemListElement\":[{\"@type\":\"ListItem\",\"position\":1,\"name\":\"Accueil\",\"item\":\"https:\/\/droitetcroissance.fr\/en\/\"},{\"@type\":\"ListItem\",\"position\":2,\"name\":\"S\u00e9minaire EIFR \u2013 \u00ab&nbsp;Cr\u00e9dits&nbsp;alternatifs&nbsp;\u00bb&nbsp;: Responsabilit\u00e9s&nbsp;? du 4 octobre 2016\"}]},{\"@type\":\"WebSite\",\"@id\":\"https:\/\/droitetcroissance.fr\/#website\",\"url\":\"https:\/\/droitetcroissance.fr\/\",\"name\":\"Droit &amp; Croissance\",\"description\":\"Le droit, outil au service de la croissance\",\"publisher\":{\"@id\":\"https:\/\/droitetcroissance.fr\/#organization\"},\"potentialAction\":[{\"@type\":\"SearchAction\",\"target\":{\"@type\":\"EntryPoint\",\"urlTemplate\":\"https:\/\/droitetcroissance.fr\/?s={search_term_string}\"},\"query-input\":{\"@type\":\"PropertyValueSpecification\",\"valueRequired\":true,\"valueName\":\"search_term_string\"}}],\"inLanguage\":\"en-US\"},{\"@type\":\"Organization\",\"@id\":\"https:\/\/droitetcroissance.fr\/#organization\",\"name\":\"Droit & Croissance\",\"url\":\"https:\/\/droitetcroissance.fr\/\",\"logo\":{\"@type\":\"ImageObject\",\"inLanguage\":\"en-US\",\"@id\":\"https:\/\/droitetcroissance.fr\/#\/schema\/logo\/image\/\",\"url\":\"https:\/\/droitetcroissance.fr\/wp-content\/uploads\/2015\/01\/cropped-LogoDC.jpg\",\"contentUrl\":\"https:\/\/droitetcroissance.fr\/wp-content\/uploads\/2015\/01\/cropped-LogoDC.jpg\",\"width\":512,\"height\":512,\"caption\":\"Droit & Croissance\"},\"image\":{\"@id\":\"https:\/\/droitetcroissance.fr\/#\/schema\/logo\/image\/\"},\"sameAs\":[\"https:\/\/www.facebook.com\/pages\/Droit-et-Croissance-Rules-for-Growth\/282120515217184\",\"https:\/\/x.com\/RulesForGrowth\"]},{\"@type\":\"Person\",\"@id\":\"https:\/\/droitetcroissance.fr\/#\/schema\/person\/05ca2e43e4fa8093812a502c270f271e\",\"name\":\"Droit &amp; Croissance\",\"image\":{\"@type\":\"ImageObject\",\"inLanguage\":\"en-US\",\"@id\":\"https:\/\/droitetcroissance.fr\/#\/schema\/person\/image\/\",\"url\":\"https:\/\/secure.gravatar.com\/avatar\/8fe0dee872640cab5ec1def3dd76c54e?s=96&d=mm&r=g\",\"contentUrl\":\"https:\/\/secure.gravatar.com\/avatar\/8fe0dee872640cab5ec1def3dd76c54e?s=96&d=mm&r=g\",\"caption\":\"Droit &amp; Croissance\"},\"url\":\"https:\/\/droitetcroissance.fr\/en\/author\/admin\/\"}]}<\/script>\n<!-- \/ Yoast SEO plugin. -->","yoast_head_json":{"title":"S\u00e9minaire EIFR \u2013 \u00ab&nbsp;Cr\u00e9dits&nbsp;alternatifs&nbsp;\u00bb&nbsp;: Responsabilit\u00e9s&nbsp;? du 4 octobre 2016 - Droit &amp; Croissance","robots":{"index":"index","follow":"follow","max-snippet":"max-snippet:-1","max-image-preview":"max-image-preview:large","max-video-preview":"max-video-preview:-1"},"canonical":"https:\/\/droitetcroissance.fr\/en\/2016\/07\/seminaire-eifr-credits-alternatifs-responsabilites-du-4-octobre-2016\/","twitter_misc":{"Written by":"Droit &amp; Croissance","Est. reading time":"1 minute"},"schema":{"@context":"https:\/\/schema.org","@graph":[{"@type":"Article","@id":"https:\/\/droitetcroissance.fr\/en\/2016\/07\/seminaire-eifr-credits-alternatifs-responsabilites-du-4-octobre-2016\/#article","isPartOf":{"@id":"https:\/\/droitetcroissance.fr\/en\/2016\/07\/seminaire-eifr-credits-alternatifs-responsabilites-du-4-octobre-2016\/"},"author":{"name":"Droit &amp; Croissance","@id":"https:\/\/droitetcroissance.fr\/#\/schema\/person\/05ca2e43e4fa8093812a502c270f271e"},"headline":"S\u00e9minaire EIFR \u2013 \u00ab&nbsp;Cr\u00e9dits&nbsp;alternatifs&nbsp;\u00bb&nbsp;: Responsabilit\u00e9s&nbsp;? du 4 octobre 2016","datePublished":"2016-07-20T12:55:10+00:00","dateModified":"2019-09-04T06:53:38+00:00","mainEntityOfPage":{"@id":"https:\/\/droitetcroissance.fr\/en\/2016\/07\/seminaire-eifr-credits-alternatifs-responsabilites-du-4-octobre-2016\/"},"wordCount":203,"publisher":{"@id":"https:\/\/droitetcroissance.fr\/#organization"},"image":{"@id":"https:\/\/droitetcroissance.fr\/en\/2016\/07\/seminaire-eifr-credits-alternatifs-responsabilites-du-4-octobre-2016\/#primaryimage"},"thumbnailUrl":"https:\/\/droitetcroissance.fr\/wp-content\/uploads\/2016\/07\/logo_eifr_gb_cmjn-8167.jpg","articleSection":["Past Events"],"inLanguage":"en-US"},{"@type":"WebPage","@id":"https:\/\/droitetcroissance.fr\/en\/2016\/07\/seminaire-eifr-credits-alternatifs-responsabilites-du-4-octobre-2016\/","url":"https:\/\/droitetcroissance.fr\/en\/2016\/07\/seminaire-eifr-credits-alternatifs-responsabilites-du-4-octobre-2016\/","name":"S\u00e9minaire EIFR \u2013 \u00ab&nbsp;Cr\u00e9dits&nbsp;alternatifs&nbsp;\u00bb&nbsp;: Responsabilit\u00e9s&nbsp;? du 4 octobre 2016 - Droit &amp; Croissance","isPartOf":{"@id":"https:\/\/droitetcroissance.fr\/#website"},"primaryImageOfPage":{"@id":"https:\/\/droitetcroissance.fr\/en\/2016\/07\/seminaire-eifr-credits-alternatifs-responsabilites-du-4-octobre-2016\/#primaryimage"},"image":{"@id":"https:\/\/droitetcroissance.fr\/en\/2016\/07\/seminaire-eifr-credits-alternatifs-responsabilites-du-4-octobre-2016\/#primaryimage"},"thumbnailUrl":"https:\/\/droitetcroissance.fr\/wp-content\/uploads\/2016\/07\/logo_eifr_gb_cmjn-8167.jpg","datePublished":"2016-07-20T12:55:10+00:00","dateModified":"2019-09-04T06:53:38+00:00","breadcrumb":{"@id":"https:\/\/droitetcroissance.fr\/en\/2016\/07\/seminaire-eifr-credits-alternatifs-responsabilites-du-4-octobre-2016\/#breadcrumb"},"inLanguage":"en-US","potentialAction":[{"@type":"ReadAction","target":["https:\/\/droitetcroissance.fr\/en\/2016\/07\/seminaire-eifr-credits-alternatifs-responsabilites-du-4-octobre-2016\/"]}]},{"@type":"ImageObject","inLanguage":"en-US","@id":"https:\/\/droitetcroissance.fr\/en\/2016\/07\/seminaire-eifr-credits-alternatifs-responsabilites-du-4-octobre-2016\/#primaryimage","url":"https:\/\/droitetcroissance.fr\/wp-content\/uploads\/2016\/07\/logo_eifr_gb_cmjn-8167.jpg","contentUrl":"https:\/\/droitetcroissance.fr\/wp-content\/uploads\/2016\/07\/logo_eifr_gb_cmjn-8167.jpg","width":1280,"height":689},{"@type":"BreadcrumbList","@id":"https:\/\/droitetcroissance.fr\/en\/2016\/07\/seminaire-eifr-credits-alternatifs-responsabilites-du-4-octobre-2016\/#breadcrumb","itemListElement":[{"@type":"ListItem","position":1,"name":"Accueil","item":"https:\/\/droitetcroissance.fr\/en\/"},{"@type":"ListItem","position":2,"name":"S\u00e9minaire EIFR \u2013 \u00ab&nbsp;Cr\u00e9dits&nbsp;alternatifs&nbsp;\u00bb&nbsp;: Responsabilit\u00e9s&nbsp;? du 4 octobre 2016"}]},{"@type":"WebSite","@id":"https:\/\/droitetcroissance.fr\/#website","url":"https:\/\/droitetcroissance.fr\/","name":"Droit &amp; Croissance","description":"Le droit, outil au service de la croissance","publisher":{"@id":"https:\/\/droitetcroissance.fr\/#organization"},"potentialAction":[{"@type":"SearchAction","target":{"@type":"EntryPoint","urlTemplate":"https:\/\/droitetcroissance.fr\/?s={search_term_string}"},"query-input":{"@type":"PropertyValueSpecification","valueRequired":true,"valueName":"search_term_string"}}],"inLanguage":"en-US"},{"@type":"Organization","@id":"https:\/\/droitetcroissance.fr\/#organization","name":"Droit & Croissance","url":"https:\/\/droitetcroissance.fr\/","logo":{"@type":"ImageObject","inLanguage":"en-US","@id":"https:\/\/droitetcroissance.fr\/#\/schema\/logo\/image\/","url":"https:\/\/droitetcroissance.fr\/wp-content\/uploads\/2015\/01\/cropped-LogoDC.jpg","contentUrl":"https:\/\/droitetcroissance.fr\/wp-content\/uploads\/2015\/01\/cropped-LogoDC.jpg","width":512,"height":512,"caption":"Droit & Croissance"},"image":{"@id":"https:\/\/droitetcroissance.fr\/#\/schema\/logo\/image\/"},"sameAs":["https:\/\/www.facebook.com\/pages\/Droit-et-Croissance-Rules-for-Growth\/282120515217184","https:\/\/x.com\/RulesForGrowth"]},{"@type":"Person","@id":"https:\/\/droitetcroissance.fr\/#\/schema\/person\/05ca2e43e4fa8093812a502c270f271e","name":"Droit &amp; Croissance","image":{"@type":"ImageObject","inLanguage":"en-US","@id":"https:\/\/droitetcroissance.fr\/#\/schema\/person\/image\/","url":"https:\/\/secure.gravatar.com\/avatar\/8fe0dee872640cab5ec1def3dd76c54e?s=96&d=mm&r=g","contentUrl":"https:\/\/secure.gravatar.com\/avatar\/8fe0dee872640cab5ec1def3dd76c54e?s=96&d=mm&r=g","caption":"Droit &amp; Croissance"},"url":"https:\/\/droitetcroissance.fr\/en\/author\/admin\/"}]}},"jetpack_featured_media_url":"https:\/\/droitetcroissance.fr\/wp-content\/uploads\/2016\/07\/logo_eifr_gb_cmjn-8167.jpg","jetpack_shortlink":"https:\/\/wp.me\/p2LAAl-2n4","jetpack_sharing_enabled":true,"_links":{"self":[{"href":"https:\/\/droitetcroissance.fr\/en\/wp-json\/wp\/v2\/posts\/9118"}],"collection":[{"href":"https:\/\/droitetcroissance.fr\/en\/wp-json\/wp\/v2\/posts"}],"about":[{"href":"https:\/\/droitetcroissance.fr\/en\/wp-json\/wp\/v2\/types\/post"}],"author":[{"embeddable":true,"href":"https:\/\/droitetcroissance.fr\/en\/wp-json\/wp\/v2\/users\/1"}],"replies":[{"embeddable":true,"href":"https:\/\/droitetcroissance.fr\/en\/wp-json\/wp\/v2\/comments?post=9118"}],"version-history":[{"count":0,"href":"https:\/\/droitetcroissance.fr\/en\/wp-json\/wp\/v2\/posts\/9118\/revisions"}],"wp:featuredmedia":[{"embeddable":true,"href":"https:\/\/droitetcroissance.fr\/en\/wp-json\/wp\/v2\/media\/8313"}],"wp:attachment":[{"href":"https:\/\/droitetcroissance.fr\/en\/wp-json\/wp\/v2\/media?parent=9118"}],"wp:term":[{"taxonomy":"category","embeddable":true,"href":"https:\/\/droitetcroissance.fr\/en\/wp-json\/wp\/v2\/categories?post=9118"},{"taxonomy":"post_tag","embeddable":true,"href":"https:\/\/droitetcroissance.fr\/en\/wp-json\/wp\/v2\/tags?post=9118"}],"curies":[{"name":"wp","href":"https:\/\/api.w.org\/{rel}","templated":true}]}}