{"id":9058,"date":"2017-07-18T14:37:04","date_gmt":"2017-07-18T12:37:04","guid":{"rendered":"https:\/\/droitetcroissance.fr\/?p=9058"},"modified":"2019-09-04T09:00:42","modified_gmt":"2019-09-04T07:00:42","slug":"remettre-lefficacite-economique-au-centre-du-droit-des-faillites","status":"publish","type":"post","link":"https:\/\/droitetcroissance.fr\/en\/2017\/07\/remettre-lefficacite-economique-au-centre-du-droit-des-faillites\/","title":{"rendered":"Remettre l\u2019efficacit\u00e9 \u00e9conomique au centre du droit des faillites"},"content":{"rendered":"[spb_column width=&#8221;1\/3&#8243; el_position=&#8221;first&#8221;] [spb_single_image image=&#8221;6188&#8243; image_size=&#8221;full&#8221; frame=&#8221;noframe&#8221; intro_animation=&#8221;none&#8221; full_width=&#8221;no&#8221; lightbox=&#8221;yes&#8221; image_link=&#8221;https:\/\/www.lesechos.fr\/idees-debats\/cercle\/030413516412-remettre-lefficacite-economique-au-centre-du-droit-des-faillites-2102636.php#OGdMcuhde6ApIK3d.99&#8243; link_target=&#8221;_blank&#8221; width=&#8221;1\/1&#8243; el_position=&#8221;first last&#8221;] [\/spb_column] [spb_column width=&#8221;2\/3&#8243; el_position=&#8221;last&#8221;] [spb_text_block title=&#8221;Tribune de Thomas Philippon et Sophie Vermeille dans Les Echos&#8221; pb_margin_bottom=&#8221;no&#8221; pb_border_bottom=&#8221;no&#8221; width=&#8221;1\/1&#8243; el_position=&#8221;first last&#8221;]\n<p>Aux mains des tribunaux de commerce, la gestion des faillites est trop discr\u00e9tionnaire. Bruxelles nous donne l\u2019occasion d\u2019une r\u00e9forme fond\u00e9e sur des crit\u00e8res exclusivement \u00e9conomiques, dont l\u2019impact serait au moins aussi important que celle du Code du travail.<\/p>\n<p><a href=\"https:\/\/www.lesechos.fr\/idees-debats\/cercle\/030413516412-remettre-lefficacite-economique-au-centre-du-droit-des-faillites-2102636.php#OGdMcuhde6ApIK3d.99\" target=\"_blank\" rel=\"noopener noreferrer\">&gt;&gt;&gt; lire l&#8217;article sur le site des Echos<\/a><\/p>\n<p><a href=\"http:\/\/droitetcroissance.fr\/wp-content\/uploads\/2017\/07\/Remettre-l\u2019efficacite\u0301-e\u0301conomique-au-centre-du-droit-des-faillites-V2.pdf\">&gt;&gt;&gt; lire l&#8217;article au format PDF<\/a><\/p>\n[\/spb_text_block] [\/spb_column]\n","protected":false},"excerpt":{"rendered":"<p>[spb_column width=&#8221;1\/3&#8243; el_position=&#8221;first&#8221;] [spb_single_image image=&#8221;6188&#8243; image_size=&#8221;full&#8221; frame=&#8221;noframe&#8221; intro_animation=&#8221;none&#8221; full_width=&#8221;no&#8221; lightbox=&#8221;yes&#8221; image_link=&#8221;https:\/\/www.lesechos.fr\/idees-debats\/cercle\/030413516412-remettre-lefficacite-economique-au-centre-du-droit-des-faillites-2102636.php#OGdMcuhde6ApIK3d.99&#8243; link_target=&#8221;_blank&#8221; width=&#8221;1\/1&#8243; el_position=&#8221;first last&#8221;] [\/spb_column] [spb_column width=&#8221;2\/3&#8243; el_position=&#8221;last&#8221;] [spb_text_block title=&#8221;Tribune de Thomas Philippon et Sophie Vermeille dans Les Echos&#8221; pb_margin_bottom=&#8221;no&#8221; pb_border_bottom=&#8221;no&#8221; width=&#8221;1\/1&#8243; el_position=&#8221;first last&#8221;] Aux mains des tribunaux de commerce, la gestion des faillites est trop discr\u00e9tionnaire. Bruxelles nous donne l\u2019occasion d\u2019une r\u00e9forme fond\u00e9e sur des crit\u00e8res exclusivement \u00e9conomiques, [&hellip;]<\/p>\n","protected":false},"author":1,"featured_media":0,"comment_status":"closed","ping_status":"closed","sticky":false,"template":"","format":"standard","meta":{"jetpack_post_was_ever_published":false,"_rsvp_to":"","_rsvp_max":"","_rsvp_show_attendees":"","_rsvp_instructions":"","simple_price":"","simple_price_label":"Billets","venue":"","_template_start_hour":"","_template_start_minutes":"","_sked_minutes":"","_sked_stop":"","_sked_duration":"","_payment_gateway":"Cash or Custom","_rsvp_currency":"USD","_sked_hour":"12","_sked_end":"13:00","rsvp_tx_template":0,"_rsvp_start":0,"_rsvp_deadline":0,"_rsvp_deadline_daysbefore":"0","_rsvp_deadline_hours":"0","_rsvp_reg_daysbefore":"0","_rsvp_reg_hours":"0","_rsvp_count_party":"1","_timezone":"Europe\/Paris","_rsvp_on":false,"_add_timezone":false,"_convert_timezone":false,"_calendar_icons":true,"_rsvp_end_display":false,"_rsvp_rsvpmaker_send_confirmation_email":false,"_rsvp_confirmation_after_payment":false,"_rsvp_confirmation_include_event":false,"_rsvp_count":true,"_rsvp_yesno":true,"_rsvp_captcha":false,"_rsvp_login_required":false,"_rsvp_form_show_date":false,"_show_rsvpmaker_options":false,"_jetpack_newsletter_access":"","_jetpack_dont_email_post_to_subs":false,"_jetpack_newsletter_tier_id":0,"_jetpack_memberships_contains_paywalled_content":false,"footnotes":"","_jetpack_memberships_contains_paid_content":false},"categories":[834,865,867,873],"tags":[],"yoast_head":"<!-- This site is optimized with the Yoast SEO plugin v23.5 - https:\/\/yoast.com\/wordpress\/plugins\/seo\/ -->\n<title>Remettre l\u2019efficacit\u00e9 \u00e9conomique au centre du droit des faillites - Droit &amp; Croissance<\/title>\n<meta name=\"robots\" content=\"index, follow, max-snippet:-1, max-image-preview:large, max-video-preview:-1\" \/>\n<link rel=\"canonical\" href=\"https:\/\/droitetcroissance.fr\/en\/2017\/07\/remettre-lefficacite-economique-au-centre-du-droit-des-faillites\/\" \/>\n<meta name=\"twitter:label1\" content=\"Written by\" \/>\n\t<meta name=\"twitter:data1\" content=\"Droit &amp; Croissance\" \/>\n\t<meta name=\"twitter:label2\" content=\"Est. reading time\" \/>\n\t<meta name=\"twitter:data2\" content=\"1 minute\" \/>\n<script type=\"application\/ld+json\" class=\"yoast-schema-graph\">{\"@context\":\"https:\/\/schema.org\",\"@graph\":[{\"@type\":\"Article\",\"@id\":\"https:\/\/droitetcroissance.fr\/en\/2017\/07\/remettre-lefficacite-economique-au-centre-du-droit-des-faillites\/#article\",\"isPartOf\":{\"@id\":\"https:\/\/droitetcroissance.fr\/en\/2017\/07\/remettre-lefficacite-economique-au-centre-du-droit-des-faillites\/\"},\"author\":{\"name\":\"Droit &amp; Croissance\",\"@id\":\"https:\/\/droitetcroissance.fr\/#\/schema\/person\/05ca2e43e4fa8093812a502c270f271e\"},\"headline\":\"Remettre l\u2019efficacit\u00e9 \u00e9conomique au centre du droit des faillites\",\"datePublished\":\"2017-07-18T12:37:04+00:00\",\"dateModified\":\"2019-09-04T07:00:42+00:00\",\"mainEntityOfPage\":{\"@id\":\"https:\/\/droitetcroissance.fr\/en\/2017\/07\/remettre-lefficacite-economique-au-centre-du-droit-des-faillites\/\"},\"wordCount\":157,\"publisher\":{\"@id\":\"https:\/\/droitetcroissance.fr\/#organization\"},\"articleSection\":[\"Press\",\"Restructuring EN RP\",\"Smart Regulation EN RP\",\"Press review\"],\"inLanguage\":\"en-US\"},{\"@type\":\"WebPage\",\"@id\":\"https:\/\/droitetcroissance.fr\/en\/2017\/07\/remettre-lefficacite-economique-au-centre-du-droit-des-faillites\/\",\"url\":\"https:\/\/droitetcroissance.fr\/en\/2017\/07\/remettre-lefficacite-economique-au-centre-du-droit-des-faillites\/\",\"name\":\"Remettre l\u2019efficacit\u00e9 \u00e9conomique au centre du droit des faillites - Droit &amp; Croissance\",\"isPartOf\":{\"@id\":\"https:\/\/droitetcroissance.fr\/#website\"},\"datePublished\":\"2017-07-18T12:37:04+00:00\",\"dateModified\":\"2019-09-04T07:00:42+00:00\",\"breadcrumb\":{\"@id\":\"https:\/\/droitetcroissance.fr\/en\/2017\/07\/remettre-lefficacite-economique-au-centre-du-droit-des-faillites\/#breadcrumb\"},\"inLanguage\":\"en-US\",\"potentialAction\":[{\"@type\":\"ReadAction\",\"target\":[\"https:\/\/droitetcroissance.fr\/en\/2017\/07\/remettre-lefficacite-economique-au-centre-du-droit-des-faillites\/\"]}]},{\"@type\":\"BreadcrumbList\",\"@id\":\"https:\/\/droitetcroissance.fr\/en\/2017\/07\/remettre-lefficacite-economique-au-centre-du-droit-des-faillites\/#breadcrumb\",\"itemListElement\":[{\"@type\":\"ListItem\",\"position\":1,\"name\":\"Accueil\",\"item\":\"https:\/\/droitetcroissance.fr\/en\/\"},{\"@type\":\"ListItem\",\"position\":2,\"name\":\"Remettre l\u2019efficacit\u00e9 \u00e9conomique au centre du droit des faillites\"}]},{\"@type\":\"WebSite\",\"@id\":\"https:\/\/droitetcroissance.fr\/#website\",\"url\":\"https:\/\/droitetcroissance.fr\/\",\"name\":\"Droit &amp; Croissance\",\"description\":\"Le droit, outil au service de la croissance\",\"publisher\":{\"@id\":\"https:\/\/droitetcroissance.fr\/#organization\"},\"potentialAction\":[{\"@type\":\"SearchAction\",\"target\":{\"@type\":\"EntryPoint\",\"urlTemplate\":\"https:\/\/droitetcroissance.fr\/?s={search_term_string}\"},\"query-input\":{\"@type\":\"PropertyValueSpecification\",\"valueRequired\":true,\"valueName\":\"search_term_string\"}}],\"inLanguage\":\"en-US\"},{\"@type\":\"Organization\",\"@id\":\"https:\/\/droitetcroissance.fr\/#organization\",\"name\":\"Droit & Croissance\",\"url\":\"https:\/\/droitetcroissance.fr\/\",\"logo\":{\"@type\":\"ImageObject\",\"inLanguage\":\"en-US\",\"@id\":\"https:\/\/droitetcroissance.fr\/#\/schema\/logo\/image\/\",\"url\":\"https:\/\/droitetcroissance.fr\/wp-content\/uploads\/2015\/01\/cropped-LogoDC.jpg\",\"contentUrl\":\"https:\/\/droitetcroissance.fr\/wp-content\/uploads\/2015\/01\/cropped-LogoDC.jpg\",\"width\":512,\"height\":512,\"caption\":\"Droit & Croissance\"},\"image\":{\"@id\":\"https:\/\/droitetcroissance.fr\/#\/schema\/logo\/image\/\"},\"sameAs\":[\"https:\/\/www.facebook.com\/pages\/Droit-et-Croissance-Rules-for-Growth\/282120515217184\",\"https:\/\/x.com\/RulesForGrowth\"]},{\"@type\":\"Person\",\"@id\":\"https:\/\/droitetcroissance.fr\/#\/schema\/person\/05ca2e43e4fa8093812a502c270f271e\",\"name\":\"Droit &amp; Croissance\",\"image\":{\"@type\":\"ImageObject\",\"inLanguage\":\"en-US\",\"@id\":\"https:\/\/droitetcroissance.fr\/#\/schema\/person\/image\/\",\"url\":\"https:\/\/secure.gravatar.com\/avatar\/8fe0dee872640cab5ec1def3dd76c54e?s=96&d=mm&r=g\",\"contentUrl\":\"https:\/\/secure.gravatar.com\/avatar\/8fe0dee872640cab5ec1def3dd76c54e?s=96&d=mm&r=g\",\"caption\":\"Droit &amp; Croissance\"},\"url\":\"https:\/\/droitetcroissance.fr\/en\/author\/admin\/\"}]}<\/script>\n<!-- \/ Yoast SEO plugin. -->","yoast_head_json":{"title":"Remettre l\u2019efficacit\u00e9 \u00e9conomique au centre du droit des faillites - Droit &amp; Croissance","robots":{"index":"index","follow":"follow","max-snippet":"max-snippet:-1","max-image-preview":"max-image-preview:large","max-video-preview":"max-video-preview:-1"},"canonical":"https:\/\/droitetcroissance.fr\/en\/2017\/07\/remettre-lefficacite-economique-au-centre-du-droit-des-faillites\/","twitter_misc":{"Written by":"Droit &amp; Croissance","Est. reading time":"1 minute"},"schema":{"@context":"https:\/\/schema.org","@graph":[{"@type":"Article","@id":"https:\/\/droitetcroissance.fr\/en\/2017\/07\/remettre-lefficacite-economique-au-centre-du-droit-des-faillites\/#article","isPartOf":{"@id":"https:\/\/droitetcroissance.fr\/en\/2017\/07\/remettre-lefficacite-economique-au-centre-du-droit-des-faillites\/"},"author":{"name":"Droit &amp; Croissance","@id":"https:\/\/droitetcroissance.fr\/#\/schema\/person\/05ca2e43e4fa8093812a502c270f271e"},"headline":"Remettre l\u2019efficacit\u00e9 \u00e9conomique au centre du droit des faillites","datePublished":"2017-07-18T12:37:04+00:00","dateModified":"2019-09-04T07:00:42+00:00","mainEntityOfPage":{"@id":"https:\/\/droitetcroissance.fr\/en\/2017\/07\/remettre-lefficacite-economique-au-centre-du-droit-des-faillites\/"},"wordCount":157,"publisher":{"@id":"https:\/\/droitetcroissance.fr\/#organization"},"articleSection":["Press","Restructuring EN RP","Smart Regulation EN RP","Press review"],"inLanguage":"en-US"},{"@type":"WebPage","@id":"https:\/\/droitetcroissance.fr\/en\/2017\/07\/remettre-lefficacite-economique-au-centre-du-droit-des-faillites\/","url":"https:\/\/droitetcroissance.fr\/en\/2017\/07\/remettre-lefficacite-economique-au-centre-du-droit-des-faillites\/","name":"Remettre l\u2019efficacit\u00e9 \u00e9conomique au centre du droit des faillites - Droit &amp; Croissance","isPartOf":{"@id":"https:\/\/droitetcroissance.fr\/#website"},"datePublished":"2017-07-18T12:37:04+00:00","dateModified":"2019-09-04T07:00:42+00:00","breadcrumb":{"@id":"https:\/\/droitetcroissance.fr\/en\/2017\/07\/remettre-lefficacite-economique-au-centre-du-droit-des-faillites\/#breadcrumb"},"inLanguage":"en-US","potentialAction":[{"@type":"ReadAction","target":["https:\/\/droitetcroissance.fr\/en\/2017\/07\/remettre-lefficacite-economique-au-centre-du-droit-des-faillites\/"]}]},{"@type":"BreadcrumbList","@id":"https:\/\/droitetcroissance.fr\/en\/2017\/07\/remettre-lefficacite-economique-au-centre-du-droit-des-faillites\/#breadcrumb","itemListElement":[{"@type":"ListItem","position":1,"name":"Accueil","item":"https:\/\/droitetcroissance.fr\/en\/"},{"@type":"ListItem","position":2,"name":"Remettre l\u2019efficacit\u00e9 \u00e9conomique au centre du droit des faillites"}]},{"@type":"WebSite","@id":"https:\/\/droitetcroissance.fr\/#website","url":"https:\/\/droitetcroissance.fr\/","name":"Droit &amp; Croissance","description":"Le droit, outil au service de la croissance","publisher":{"@id":"https:\/\/droitetcroissance.fr\/#organization"},"potentialAction":[{"@type":"SearchAction","target":{"@type":"EntryPoint","urlTemplate":"https:\/\/droitetcroissance.fr\/?s={search_term_string}"},"query-input":{"@type":"PropertyValueSpecification","valueRequired":true,"valueName":"search_term_string"}}],"inLanguage":"en-US"},{"@type":"Organization","@id":"https:\/\/droitetcroissance.fr\/#organization","name":"Droit & Croissance","url":"https:\/\/droitetcroissance.fr\/","logo":{"@type":"ImageObject","inLanguage":"en-US","@id":"https:\/\/droitetcroissance.fr\/#\/schema\/logo\/image\/","url":"https:\/\/droitetcroissance.fr\/wp-content\/uploads\/2015\/01\/cropped-LogoDC.jpg","contentUrl":"https:\/\/droitetcroissance.fr\/wp-content\/uploads\/2015\/01\/cropped-LogoDC.jpg","width":512,"height":512,"caption":"Droit & Croissance"},"image":{"@id":"https:\/\/droitetcroissance.fr\/#\/schema\/logo\/image\/"},"sameAs":["https:\/\/www.facebook.com\/pages\/Droit-et-Croissance-Rules-for-Growth\/282120515217184","https:\/\/x.com\/RulesForGrowth"]},{"@type":"Person","@id":"https:\/\/droitetcroissance.fr\/#\/schema\/person\/05ca2e43e4fa8093812a502c270f271e","name":"Droit &amp; Croissance","image":{"@type":"ImageObject","inLanguage":"en-US","@id":"https:\/\/droitetcroissance.fr\/#\/schema\/person\/image\/","url":"https:\/\/secure.gravatar.com\/avatar\/8fe0dee872640cab5ec1def3dd76c54e?s=96&d=mm&r=g","contentUrl":"https:\/\/secure.gravatar.com\/avatar\/8fe0dee872640cab5ec1def3dd76c54e?s=96&d=mm&r=g","caption":"Droit &amp; Croissance"},"url":"https:\/\/droitetcroissance.fr\/en\/author\/admin\/"}]}},"jetpack_featured_media_url":"","jetpack_shortlink":"https:\/\/wp.me\/p2LAAl-2m6","jetpack_sharing_enabled":true,"_links":{"self":[{"href":"https:\/\/droitetcroissance.fr\/en\/wp-json\/wp\/v2\/posts\/9058"}],"collection":[{"href":"https:\/\/droitetcroissance.fr\/en\/wp-json\/wp\/v2\/posts"}],"about":[{"href":"https:\/\/droitetcroissance.fr\/en\/wp-json\/wp\/v2\/types\/post"}],"author":[{"embeddable":true,"href":"https:\/\/droitetcroissance.fr\/en\/wp-json\/wp\/v2\/users\/1"}],"replies":[{"embeddable":true,"href":"https:\/\/droitetcroissance.fr\/en\/wp-json\/wp\/v2\/comments?post=9058"}],"version-history":[{"count":0,"href":"https:\/\/droitetcroissance.fr\/en\/wp-json\/wp\/v2\/posts\/9058\/revisions"}],"wp:attachment":[{"href":"https:\/\/droitetcroissance.fr\/en\/wp-json\/wp\/v2\/media?parent=9058"}],"wp:term":[{"taxonomy":"category","embeddable":true,"href":"https:\/\/droitetcroissance.fr\/en\/wp-json\/wp\/v2\/categories?post=9058"},{"taxonomy":"post_tag","embeddable":true,"href":"https:\/\/droitetcroissance.fr\/en\/wp-json\/wp\/v2\/tags?post=9058"}],"curies":[{"name":"wp","href":"https:\/\/api.w.org\/{rel}","templated":true}]}}