{"id":8918,"date":"2019-04-06T08:00:21","date_gmt":"2019-04-06T06:00:21","guid":{"rendered":"https:\/\/droitetcroissance.fr\/?p=8918"},"modified":"2023-12-06T11:33:33","modified_gmt":"2023-12-06T10:33:33","slug":"ou-va-la-finance","status":"publish","type":"post","link":"https:\/\/droitetcroissance.fr\/en\/2019\/04\/ou-va-la-finance\/","title":{"rendered":"O\u00f9 va la finance ?"},"content":{"rendered":"[spb_column width=&#8221;1\/3&#8243; el_position=&#8221;first&#8221;] [spb_single_image image=&#8221;7222&#8243; image_size=&#8221;full&#8221; frame=&#8221;noframe&#8221; intro_animation=&#8221;none&#8221; full_width=&#8221;no&#8221; lightbox=&#8221;yes&#8221; link_target=&#8221;_self&#8221; width=&#8221;1\/1&#8243; el_position=&#8221;first last&#8221;] [\/spb_column] [spb_column width=&#8221;2\/3&#8243; el_position=&#8221;last&#8221;] [spb_text_block pb_margin_bottom=&#8221;no&#8221; pb_border_bottom=&#8221;no&#8221; width=&#8221;1\/1&#8243; el_position=&#8221;first last&#8221;]\n<p>Il y a un peu plus de dix ans, une crise financi\u00e8re majeure remettait significativement en cause l\u2019industrie financi\u00e8re et bancaire mondiale, avant de se transformer en une crise des dettes souveraines europ\u00e9ennes et de menacer la survie de la zone euro. Aujourd\u2019hui, l\u2019environnement \u00e9conomique suscite tout autant d\u2019incertitudes que d\u2019inqui\u00e9tudes. Le ralentissement perceptible de la croissance \u00e9conomique, soulign\u00e9 par l\u2019ensemble des institutions \u00e9conomiques, et les r\u00e9cents d\u00e9boires des march\u00e9s financiers ont conduit les banques centrales \u00e0 davantage de prudence, pour reprendre les mots de la FED. S\u2019il s\u2019av\u00e8re peu ais\u00e9 d\u2019appr\u00e9hender pleinement l\u2019ensemble de ces probl\u00e9matiques, le livre de Georges Ugeux, intitul\u00e9 \u00ab La descente aux enfers de la finance \u00bb, et paru le 13 mars 2019 aux \u00e9ditions Odile Jacob, permet, tant au grand public qu\u2019aux sp\u00e9cialistes les plus avis\u00e9s, de mieux comprendre la complexit\u00e9 de l\u2019environnement \u00e9conomique actuel au travers d\u2019analyses comparant les \u00c9tats-Unis et l\u2019Union Europ\u00e9enne lors de la pr\u00e9c\u00e9dente crise financi\u00e8re. L\u2019effort fait par Georges Ugeux afin de rendre accessible ce sujet r\u00e9side dans l\u2019originalit\u00e9 d\u2019une m\u00e9thodologie entrem\u00ealant approche historico-\u00e9conomique avec des \u00ab posts \u00bb de blog, publi\u00e9s tout au long de la pr\u00e9c\u00e9dente crise financi\u00e8re puis de celle des dettes europ\u00e9ennes. En s\u2019appuyant sur les observations d\u00e9velopp\u00e9es dans l\u2019ouvrage de Georges Ugeux, plusieurs recommandations fortes pourraient \u00eatre port\u00e9es : (i) repenser les processus de restructuration des dettes souveraines ; (ii) mieux appr\u00e9hender les questions juridiques soulev\u00e9es par les politiques mon\u00e9taires non conventionnelles ; (iii) poursuivre le renforcement des stress-tests et (iv) finaliser l&#8217;Union bancaire.<\/p>\n<p><a href=\"https:\/\/droitetcroissance.fr\/wp-content\/uploads\/2015\/01\/DC_R\u00e9sum\u00e9-de-Georges-Ugeux_vf.pdf\">&gt;&gt;&gt; Lire l&#8217;article<\/a><\/p>\n[\/spb_text_block] [\/spb_column]\n","protected":false},"excerpt":{"rendered":"<p>[spb_column width=&#8221;1\/3&#8243; el_position=&#8221;first&#8221;] [spb_single_image image=&#8221;7222&#8243; image_size=&#8221;full&#8221; frame=&#8221;noframe&#8221; intro_animation=&#8221;none&#8221; full_width=&#8221;no&#8221; lightbox=&#8221;yes&#8221; link_target=&#8221;_self&#8221; width=&#8221;1\/1&#8243; el_position=&#8221;first last&#8221;] [\/spb_column] [spb_column width=&#8221;2\/3&#8243; el_position=&#8221;last&#8221;] [spb_text_block pb_margin_bottom=&#8221;no&#8221; pb_border_bottom=&#8221;no&#8221; width=&#8221;1\/1&#8243; el_position=&#8221;first last&#8221;] Il y a un peu plus de dix ans, une crise financi\u00e8re majeure remettait significativement en cause l\u2019industrie financi\u00e8re et bancaire mondiale, avant de se transformer en une crise des dettes souveraines europ\u00e9ennes et de menacer [&hellip;]<\/p>\n","protected":false},"author":1,"featured_media":0,"comment_status":"closed","ping_status":"closed","sticky":false,"template":"","format":"standard","meta":{"jetpack_post_was_ever_published":false,"_rsvp_to":"","_rsvp_max":"","_rsvp_show_attendees":"","_rsvp_instructions":"","simple_price":"","simple_price_label":"Billets","venue":"","_template_start_hour":"","_template_start_minutes":"","_sked_minutes":"","_sked_stop":"","_sked_duration":"","_payment_gateway":"Cash or Custom","_rsvp_currency":"USD","_sked_hour":"12","_sked_end":"13:00","rsvp_tx_template":0,"_rsvp_start":0,"_rsvp_deadline":0,"_rsvp_deadline_daysbefore":"0","_rsvp_deadline_hours":"0","_rsvp_reg_daysbefore":"0","_rsvp_reg_hours":"0","_rsvp_count_party":"1","_timezone":"Europe\/Paris","_rsvp_on":false,"_add_timezone":false,"_convert_timezone":false,"_calendar_icons":true,"_rsvp_end_display":false,"_rsvp_rsvpmaker_send_confirmation_email":false,"_rsvp_confirmation_after_payment":false,"_rsvp_confirmation_include_event":false,"_rsvp_count":true,"_rsvp_yesno":true,"_rsvp_captcha":false,"_rsvp_login_required":false,"_rsvp_form_show_date":false,"_show_rsvpmaker_options":false,"_jetpack_newsletter_access":"","_jetpack_dont_email_post_to_subs":false,"_jetpack_newsletter_tier_id":0,"_jetpack_memberships_contains_paywalled_content":false,"footnotes":"","_jetpack_memberships_contains_paid_content":false},"categories":[836,837,869],"tags":[],"yoast_head":"<!-- This site is optimized with the Yoast SEO plugin v23.5 - https:\/\/yoast.com\/wordpress\/plugins\/seo\/ -->\n<title>O\u00f9 va la finance ? - Droit &amp; Croissance<\/title>\n<meta name=\"robots\" content=\"index, follow, max-snippet:-1, max-image-preview:large, max-video-preview:-1\" \/>\n<link rel=\"canonical\" href=\"https:\/\/droitetcroissance.fr\/en\/2019\/04\/ou-va-la-finance\/\" \/>\n<meta name=\"twitter:label1\" content=\"Written by\" \/>\n\t<meta name=\"twitter:data1\" content=\"Droit &amp; Croissance\" \/>\n\t<meta name=\"twitter:label2\" content=\"Est. reading time\" \/>\n\t<meta name=\"twitter:data2\" content=\"2 minutes\" \/>\n<script type=\"application\/ld+json\" class=\"yoast-schema-graph\">{\"@context\":\"https:\/\/schema.org\",\"@graph\":[{\"@type\":\"Article\",\"@id\":\"https:\/\/droitetcroissance.fr\/en\/2019\/04\/ou-va-la-finance\/#article\",\"isPartOf\":{\"@id\":\"https:\/\/droitetcroissance.fr\/en\/2019\/04\/ou-va-la-finance\/\"},\"author\":{\"name\":\"Droit &amp; Croissance\",\"@id\":\"https:\/\/droitetcroissance.fr\/#\/schema\/person\/05ca2e43e4fa8093812a502c270f271e\"},\"headline\":\"O\u00f9 va la finance ?\",\"datePublished\":\"2019-04-06T06:00:21+00:00\",\"dateModified\":\"2023-12-06T10:33:33+00:00\",\"mainEntityOfPage\":{\"@id\":\"https:\/\/droitetcroissance.fr\/en\/2019\/04\/ou-va-la-finance\/\"},\"wordCount\":359,\"publisher\":{\"@id\":\"https:\/\/droitetcroissance.fr\/#organization\"},\"articleSection\":[\"Restructuring EN\",\"Position papers\",\"Financial regulation EN\"],\"inLanguage\":\"en-US\"},{\"@type\":\"WebPage\",\"@id\":\"https:\/\/droitetcroissance.fr\/en\/2019\/04\/ou-va-la-finance\/\",\"url\":\"https:\/\/droitetcroissance.fr\/en\/2019\/04\/ou-va-la-finance\/\",\"name\":\"O\u00f9 va la finance ? - Droit &amp; Croissance\",\"isPartOf\":{\"@id\":\"https:\/\/droitetcroissance.fr\/#website\"},\"datePublished\":\"2019-04-06T06:00:21+00:00\",\"dateModified\":\"2023-12-06T10:33:33+00:00\",\"breadcrumb\":{\"@id\":\"https:\/\/droitetcroissance.fr\/en\/2019\/04\/ou-va-la-finance\/#breadcrumb\"},\"inLanguage\":\"en-US\",\"potentialAction\":[{\"@type\":\"ReadAction\",\"target\":[\"https:\/\/droitetcroissance.fr\/en\/2019\/04\/ou-va-la-finance\/\"]}]},{\"@type\":\"BreadcrumbList\",\"@id\":\"https:\/\/droitetcroissance.fr\/en\/2019\/04\/ou-va-la-finance\/#breadcrumb\",\"itemListElement\":[{\"@type\":\"ListItem\",\"position\":1,\"name\":\"Accueil\",\"item\":\"https:\/\/droitetcroissance.fr\/en\/\"},{\"@type\":\"ListItem\",\"position\":2,\"name\":\"O\u00f9 va la finance ?\"}]},{\"@type\":\"WebSite\",\"@id\":\"https:\/\/droitetcroissance.fr\/#website\",\"url\":\"https:\/\/droitetcroissance.fr\/\",\"name\":\"Droit &amp; Croissance\",\"description\":\"Le droit, outil au service de la croissance\",\"publisher\":{\"@id\":\"https:\/\/droitetcroissance.fr\/#organization\"},\"potentialAction\":[{\"@type\":\"SearchAction\",\"target\":{\"@type\":\"EntryPoint\",\"urlTemplate\":\"https:\/\/droitetcroissance.fr\/?s={search_term_string}\"},\"query-input\":{\"@type\":\"PropertyValueSpecification\",\"valueRequired\":true,\"valueName\":\"search_term_string\"}}],\"inLanguage\":\"en-US\"},{\"@type\":\"Organization\",\"@id\":\"https:\/\/droitetcroissance.fr\/#organization\",\"name\":\"Droit & Croissance\",\"url\":\"https:\/\/droitetcroissance.fr\/\",\"logo\":{\"@type\":\"ImageObject\",\"inLanguage\":\"en-US\",\"@id\":\"https:\/\/droitetcroissance.fr\/#\/schema\/logo\/image\/\",\"url\":\"https:\/\/droitetcroissance.fr\/wp-content\/uploads\/2015\/01\/cropped-LogoDC.jpg\",\"contentUrl\":\"https:\/\/droitetcroissance.fr\/wp-content\/uploads\/2015\/01\/cropped-LogoDC.jpg\",\"width\":512,\"height\":512,\"caption\":\"Droit & Croissance\"},\"image\":{\"@id\":\"https:\/\/droitetcroissance.fr\/#\/schema\/logo\/image\/\"},\"sameAs\":[\"https:\/\/www.facebook.com\/pages\/Droit-et-Croissance-Rules-for-Growth\/282120515217184\",\"https:\/\/x.com\/RulesForGrowth\"]},{\"@type\":\"Person\",\"@id\":\"https:\/\/droitetcroissance.fr\/#\/schema\/person\/05ca2e43e4fa8093812a502c270f271e\",\"name\":\"Droit &amp; Croissance\",\"image\":{\"@type\":\"ImageObject\",\"inLanguage\":\"en-US\",\"@id\":\"https:\/\/droitetcroissance.fr\/#\/schema\/person\/image\/\",\"url\":\"https:\/\/secure.gravatar.com\/avatar\/8fe0dee872640cab5ec1def3dd76c54e?s=96&d=mm&r=g\",\"contentUrl\":\"https:\/\/secure.gravatar.com\/avatar\/8fe0dee872640cab5ec1def3dd76c54e?s=96&d=mm&r=g\",\"caption\":\"Droit &amp; Croissance\"},\"url\":\"https:\/\/droitetcroissance.fr\/en\/author\/admin\/\"}]}<\/script>\n<!-- \/ Yoast SEO plugin. -->","yoast_head_json":{"title":"O\u00f9 va la finance ? - Droit &amp; Croissance","robots":{"index":"index","follow":"follow","max-snippet":"max-snippet:-1","max-image-preview":"max-image-preview:large","max-video-preview":"max-video-preview:-1"},"canonical":"https:\/\/droitetcroissance.fr\/en\/2019\/04\/ou-va-la-finance\/","twitter_misc":{"Written by":"Droit &amp; Croissance","Est. reading time":"2 minutes"},"schema":{"@context":"https:\/\/schema.org","@graph":[{"@type":"Article","@id":"https:\/\/droitetcroissance.fr\/en\/2019\/04\/ou-va-la-finance\/#article","isPartOf":{"@id":"https:\/\/droitetcroissance.fr\/en\/2019\/04\/ou-va-la-finance\/"},"author":{"name":"Droit &amp; Croissance","@id":"https:\/\/droitetcroissance.fr\/#\/schema\/person\/05ca2e43e4fa8093812a502c270f271e"},"headline":"O\u00f9 va la finance ?","datePublished":"2019-04-06T06:00:21+00:00","dateModified":"2023-12-06T10:33:33+00:00","mainEntityOfPage":{"@id":"https:\/\/droitetcroissance.fr\/en\/2019\/04\/ou-va-la-finance\/"},"wordCount":359,"publisher":{"@id":"https:\/\/droitetcroissance.fr\/#organization"},"articleSection":["Restructuring EN","Position papers","Financial regulation EN"],"inLanguage":"en-US"},{"@type":"WebPage","@id":"https:\/\/droitetcroissance.fr\/en\/2019\/04\/ou-va-la-finance\/","url":"https:\/\/droitetcroissance.fr\/en\/2019\/04\/ou-va-la-finance\/","name":"O\u00f9 va la finance ? - Droit &amp; Croissance","isPartOf":{"@id":"https:\/\/droitetcroissance.fr\/#website"},"datePublished":"2019-04-06T06:00:21+00:00","dateModified":"2023-12-06T10:33:33+00:00","breadcrumb":{"@id":"https:\/\/droitetcroissance.fr\/en\/2019\/04\/ou-va-la-finance\/#breadcrumb"},"inLanguage":"en-US","potentialAction":[{"@type":"ReadAction","target":["https:\/\/droitetcroissance.fr\/en\/2019\/04\/ou-va-la-finance\/"]}]},{"@type":"BreadcrumbList","@id":"https:\/\/droitetcroissance.fr\/en\/2019\/04\/ou-va-la-finance\/#breadcrumb","itemListElement":[{"@type":"ListItem","position":1,"name":"Accueil","item":"https:\/\/droitetcroissance.fr\/en\/"},{"@type":"ListItem","position":2,"name":"O\u00f9 va la finance ?"}]},{"@type":"WebSite","@id":"https:\/\/droitetcroissance.fr\/#website","url":"https:\/\/droitetcroissance.fr\/","name":"Droit &amp; Croissance","description":"Le droit, outil au service de la croissance","publisher":{"@id":"https:\/\/droitetcroissance.fr\/#organization"},"potentialAction":[{"@type":"SearchAction","target":{"@type":"EntryPoint","urlTemplate":"https:\/\/droitetcroissance.fr\/?s={search_term_string}"},"query-input":{"@type":"PropertyValueSpecification","valueRequired":true,"valueName":"search_term_string"}}],"inLanguage":"en-US"},{"@type":"Organization","@id":"https:\/\/droitetcroissance.fr\/#organization","name":"Droit & Croissance","url":"https:\/\/droitetcroissance.fr\/","logo":{"@type":"ImageObject","inLanguage":"en-US","@id":"https:\/\/droitetcroissance.fr\/#\/schema\/logo\/image\/","url":"https:\/\/droitetcroissance.fr\/wp-content\/uploads\/2015\/01\/cropped-LogoDC.jpg","contentUrl":"https:\/\/droitetcroissance.fr\/wp-content\/uploads\/2015\/01\/cropped-LogoDC.jpg","width":512,"height":512,"caption":"Droit & Croissance"},"image":{"@id":"https:\/\/droitetcroissance.fr\/#\/schema\/logo\/image\/"},"sameAs":["https:\/\/www.facebook.com\/pages\/Droit-et-Croissance-Rules-for-Growth\/282120515217184","https:\/\/x.com\/RulesForGrowth"]},{"@type":"Person","@id":"https:\/\/droitetcroissance.fr\/#\/schema\/person\/05ca2e43e4fa8093812a502c270f271e","name":"Droit &amp; Croissance","image":{"@type":"ImageObject","inLanguage":"en-US","@id":"https:\/\/droitetcroissance.fr\/#\/schema\/person\/image\/","url":"https:\/\/secure.gravatar.com\/avatar\/8fe0dee872640cab5ec1def3dd76c54e?s=96&d=mm&r=g","contentUrl":"https:\/\/secure.gravatar.com\/avatar\/8fe0dee872640cab5ec1def3dd76c54e?s=96&d=mm&r=g","caption":"Droit &amp; Croissance"},"url":"https:\/\/droitetcroissance.fr\/en\/author\/admin\/"}]}},"jetpack_featured_media_url":"","jetpack_shortlink":"https:\/\/wp.me\/p2LAAl-2jQ","jetpack_sharing_enabled":true,"_links":{"self":[{"href":"https:\/\/droitetcroissance.fr\/en\/wp-json\/wp\/v2\/posts\/8918"}],"collection":[{"href":"https:\/\/droitetcroissance.fr\/en\/wp-json\/wp\/v2\/posts"}],"about":[{"href":"https:\/\/droitetcroissance.fr\/en\/wp-json\/wp\/v2\/types\/post"}],"author":[{"embeddable":true,"href":"https:\/\/droitetcroissance.fr\/en\/wp-json\/wp\/v2\/users\/1"}],"replies":[{"embeddable":true,"href":"https:\/\/droitetcroissance.fr\/en\/wp-json\/wp\/v2\/comments?post=8918"}],"version-history":[{"count":1,"href":"https:\/\/droitetcroissance.fr\/en\/wp-json\/wp\/v2\/posts\/8918\/revisions"}],"predecessor-version":[{"id":11321,"href":"https:\/\/droitetcroissance.fr\/en\/wp-json\/wp\/v2\/posts\/8918\/revisions\/11321"}],"wp:attachment":[{"href":"https:\/\/droitetcroissance.fr\/en\/wp-json\/wp\/v2\/media?parent=8918"}],"wp:term":[{"taxonomy":"category","embeddable":true,"href":"https:\/\/droitetcroissance.fr\/en\/wp-json\/wp\/v2\/categories?post=8918"},{"taxonomy":"post_tag","embeddable":true,"href":"https:\/\/droitetcroissance.fr\/en\/wp-json\/wp\/v2\/tags?post=8918"}],"curies":[{"name":"wp","href":"https:\/\/api.w.org\/{rel}","templated":true}]}}